{"id":2883,"date":"2020-08-28T14:51:44","date_gmt":"2020-08-28T12:51:44","guid":{"rendered":"https:\/\/wordpress.wvs-berlin.de\/?p=2883"},"modified":"2020-08-28T16:28:26","modified_gmt":"2020-08-28T14:28:26","slug":"28-8-2020","status":"publish","type":"post","link":"https:\/\/wordpress.wvs-berlin.de\/?p=2883","title":{"rendered":"28.8.2020"},"content":{"rendered":"\n<p>Es sind einige da. Angelo, Johann, Felix, Long-Yang und Neuzug\u00e4nge. Insgesamt 6 Neuzug\u00e4nge. Drei aus der 7d. <\/p>\n\n\n\n<p>Bei Robert wird bei seinem Linux immer zwei Stunden sp\u00e4ter angezeigt. Jetzt wie <a rel=\"noreferrer noopener\" href=\"https:\/\/www.fene-blog.de\/debian-bios-und-systemzeit-auf-localtime-stellen-kein-utc\/\" target=\"_blank\">hier beschrieben<\/a> gefixt. <\/p>\n\n\n\n<p>Angelo will einen <a rel=\"noreferrer noopener\" href=\"https:\/\/de.wikipedia.org\/wiki\/B_(Programmiersprache)\" target=\"_blank\">B-Compiler<\/a> schreiben. Hat(!) er: <a href=\"https:\/\/github.com\/aap\/b\" target=\"_blank\" rel=\"noreferrer noopener\">https:\/\/github.com\/aap\/b<\/a><\/p>\n\n\n\n<p>Robert interessiert sich auch f\u00fcr das <a rel=\"noreferrer noopener\" href=\"https:\/\/twitter.com\/elonmusk\/status\/1294371531133317120\" target=\"_blank\">Tesla-Dojo-Projekt von Elon Musk<\/a>.<\/p>\n\n\n\n<p>Johann erz\u00e4hlt von Mastodon und <a rel=\"noreferrer noopener\" href=\"https:\/\/pleroma.social\/\" target=\"_blank\">Pleroma<\/a>.<\/p>\n\n\n\n<p>Mastodon wurde von <a rel=\"noreferrer noopener\" href=\"https:\/\/de.wikipedia.org\/wiki\/Eugen_Rochko\" target=\"_blank\">Eugen Rochko<\/a> erfunden. <\/p>\n\n\n\n<p><\/p>\n\n\n\n<p><\/p>\n","protected":false},"excerpt":{"rendered":"<p>Es sind einige da. Angelo, Johann, Felix, Long-Yang und Neuzug\u00e4nge. Insgesamt 6 Neuzug\u00e4nge. Drei aus der 7d. Bei Robert wird bei seinem Linux immer zwei Stunden sp\u00e4ter angezeigt. Jetzt wie hier beschrieben gefixt. Angelo will einen B-Compiler schreiben. Hat(!) er: https:\/\/github.com\/aap\/b Robert interessiert sich auch f\u00fcr das Tesla-Dojo-Projekt von Elon Musk. Johann erz\u00e4hlt von Mastodon [&hellip;]<\/p>\n","protected":false},"author":1,"featured_media":0,"comment_status":"open","ping_status":"open","sticky":false,"template":"","format":"standard","meta":{"footnotes":""},"categories":[1],"tags":[],"class_list":["post-2883","post","type-post","status-publish","format-standard","hentry","category-allgemein"],"_links":{"self":[{"href":"https:\/\/wordpress.wvs-berlin.de\/index.php?rest_route=\/wp\/v2\/posts\/2883","targetHints":{"allow":["GET"]}}],"collection":[{"href":"https:\/\/wordpress.wvs-berlin.de\/index.php?rest_route=\/wp\/v2\/posts"}],"about":[{"href":"https:\/\/wordpress.wvs-berlin.de\/index.php?rest_route=\/wp\/v2\/types\/post"}],"author":[{"embeddable":true,"href":"https:\/\/wordpress.wvs-berlin.de\/index.php?rest_route=\/wp\/v2\/users\/1"}],"replies":[{"embeddable":true,"href":"https:\/\/wordpress.wvs-berlin.de\/index.php?rest_route=%2Fwp%2Fv2%2Fcomments&post=2883"}],"version-history":[{"count":5,"href":"https:\/\/wordpress.wvs-berlin.de\/index.php?rest_route=\/wp\/v2\/posts\/2883\/revisions"}],"predecessor-version":[{"id":2888,"href":"https:\/\/wordpress.wvs-berlin.de\/index.php?rest_route=\/wp\/v2\/posts\/2883\/revisions\/2888"}],"wp:attachment":[{"href":"https:\/\/wordpress.wvs-berlin.de\/index.php?rest_route=%2Fwp%2Fv2%2Fmedia&parent=2883"}],"wp:term":[{"taxonomy":"category","embeddable":true,"href":"https:\/\/wordpress.wvs-berlin.de\/index.php?rest_route=%2Fwp%2Fv2%2Fcategories&post=2883"},{"taxonomy":"post_tag","embeddable":true,"href":"https:\/\/wordpress.wvs-berlin.de\/index.php?rest_route=%2Fwp%2Fv2%2Ftags&post=2883"}],"curies":[{"name":"wp","href":"https:\/\/api.w.org\/{rel}","templated":true}]}}