{"id":2527,"date":"2018-04-13T14:58:31","date_gmt":"2018-04-13T12:58:31","guid":{"rendered":"http:\/\/wordpress.wvs-berlin.de\/?p=2527"},"modified":"2018-04-13T16:37:50","modified_gmt":"2018-04-13T14:37:50","slug":"13-4-2018","status":"publish","type":"post","link":"https:\/\/wordpress.wvs-berlin.de\/?p=2527","title":{"rendered":"13.4.2018"},"content":{"rendered":"<p>Es sind da: Cl\u00e9ment, Daniel, Martin, Linus, Quint, Felix, Jannik, Tim, Morten, Angelo.<\/p>\n<p>Wir reden \u00fcber <a href=\"https:\/\/de.wikipedia.org\/wiki\/Zyklische_Redundanzpr%C3%BCfung\">zyklische Redundanzpr\u00fcfung<\/a>. (CRC Checksum).<\/p>\n<p>Robert guckt nach dem neuen Betriebsystem <a href=\"https:\/\/www.heise.de\/newsticker\/meldung\/Fuchsia-ist-kein-Linux-Google-dokumentiert-Android-Nachfolger-4021845.html\" target=\"_blank\" rel=\"noopener\">Fuchsia<\/a>, dass Android abl\u00f6sen soll. Darin soll auch die Programmiersprache <a href=\"https:\/\/de.wikipedia.org\/wiki\/Dart_(Programmiersprache)\" target=\"_blank\" rel=\"noopener\">Dart<\/a> implementiert sein. Hier die <a href=\"https:\/\/www.dartlang.org\/\" target=\"_blank\" rel=\"noopener\">offizielle Seite von Dart<\/a>.<\/p>\n<p><a href=\"https:\/\/webdev.dartlang.org\/guides\/get-started\" target=\"_blank\" rel=\"noopener\">Get started with Dart<\/a>.<\/p>\n<p>Dart installiert (in Webstorm irgendwie \/usr\/lib\/dart als SDK-Pfad angegeben. Und den Downloadpfad von Dartium). Dieser Code l\u00e4uft jetzt:<\/p>\n<pre style=\"font-size: .7em;\">void main() {\r\n  thingsTodo().forEach(print);\r\n}\r\n\r\nIterable&lt;String&gt; thingsTodo() sync* {\r\n  var actions = ['Walk', 'Wash', 'Feed'];\r\n  var pets = ['cats', 'dogs'];\r\n\r\n  for (var action in actions) {\r\n    for (var pet in pets) {\r\n      if (pet == 'cats' &amp;&amp; action != 'Feed') continue;\r\n      yield '$action the $pet';\r\n    }\r\n  }\r\n}\r\n<\/pre>\n<p>Hammer.<\/p>\n<p>Es wurde etwas laut, jetzt ist es wieder leise. Au\u00dfer Tim spielen die anderen zusammen Minecraft.<\/p>\n<p>N\u00e4chste Mal f\u00e4llt aus. Also erst wieder Freitag, den 27.4..<\/p>\n","protected":false},"excerpt":{"rendered":"<p>Es sind da: Cl\u00e9ment, Daniel, Martin, Linus, Quint, Felix, Jannik, Tim, Morten, Angelo. Wir reden \u00fcber zyklische Redundanzpr\u00fcfung. (CRC Checksum). Robert guckt nach dem neuen Betriebsystem Fuchsia, dass Android abl\u00f6sen soll. Darin soll auch die Programmiersprache Dart implementiert sein. Hier die offizielle Seite von Dart. Get started with Dart. Dart installiert (in Webstorm irgendwie \/usr\/lib\/dart [&hellip;]<\/p>\n","protected":false},"author":1,"featured_media":0,"comment_status":"open","ping_status":"open","sticky":false,"template":"","format":"standard","meta":{"footnotes":""},"categories":[1,59,60,7,8],"tags":[61],"class_list":["post-2527","post","type-post","status-publish","format-standard","hentry","category-allgemein","category-dart","category-fuchsia","category-termine","category-tisch","tag-dart"],"_links":{"self":[{"href":"https:\/\/wordpress.wvs-berlin.de\/index.php?rest_route=\/wp\/v2\/posts\/2527","targetHints":{"allow":["GET"]}}],"collection":[{"href":"https:\/\/wordpress.wvs-berlin.de\/index.php?rest_route=\/wp\/v2\/posts"}],"about":[{"href":"https:\/\/wordpress.wvs-berlin.de\/index.php?rest_route=\/wp\/v2\/types\/post"}],"author":[{"embeddable":true,"href":"https:\/\/wordpress.wvs-berlin.de\/index.php?rest_route=\/wp\/v2\/users\/1"}],"replies":[{"embeddable":true,"href":"https:\/\/wordpress.wvs-berlin.de\/index.php?rest_route=%2Fwp%2Fv2%2Fcomments&post=2527"}],"version-history":[{"count":6,"href":"https:\/\/wordpress.wvs-berlin.de\/index.php?rest_route=\/wp\/v2\/posts\/2527\/revisions"}],"predecessor-version":[{"id":2533,"href":"https:\/\/wordpress.wvs-berlin.de\/index.php?rest_route=\/wp\/v2\/posts\/2527\/revisions\/2533"}],"wp:attachment":[{"href":"https:\/\/wordpress.wvs-berlin.de\/index.php?rest_route=%2Fwp%2Fv2%2Fmedia&parent=2527"}],"wp:term":[{"taxonomy":"category","embeddable":true,"href":"https:\/\/wordpress.wvs-berlin.de\/index.php?rest_route=%2Fwp%2Fv2%2Fcategories&post=2527"},{"taxonomy":"post_tag","embeddable":true,"href":"https:\/\/wordpress.wvs-berlin.de\/index.php?rest_route=%2Fwp%2Fv2%2Ftags&post=2527"}],"curies":[{"name":"wp","href":"https:\/\/api.w.org\/{rel}","templated":true}]}}