{"id":2320,"date":"2017-07-07T14:41:19","date_gmt":"2017-07-07T12:41:19","guid":{"rendered":"http:\/\/wordpress.wvs-berlin.de\/?p=2320"},"modified":"2017-07-07T16:37:56","modified_gmt":"2017-07-07T14:37:56","slug":"7-7-2017","status":"publish","type":"post","link":"https:\/\/wordpress.wvs-berlin.de\/?p=2320","title":{"rendered":"7.7.2017"},"content":{"rendered":"<p>Vorletzte Mal in diesem Schuljahr. Morten ist da. Zum Checken von Datentr\u00e4gern kann &#8222;man&#8220; <a href=\"https:\/\/www.heise.de\/download\/product\/h2testw-50539\" target=\"_blank\" rel=\"noopener\">ht2testw<\/a> benutzen. Moritz ist da. Johannes auch. Jannik auch. Angelo auch.<\/p>\n<p>Wir reden kurz \u00fcber Haskell. Robert hat einen Bericht \u00fcber <a href=\"https:\/\/www.theguardian.com\/science\/2009\/apr\/02\/eureka-laws-nature-artificial-intelligence-ai\" target=\"_blank\" rel=\"noopener\">Eureqa und das Doppelpendel<\/a> gesehen.<\/p>\n<p>Nach Deinstallation von LibreOffice geht auch die Installation von Impress.<\/p>\n<p>Irgendwie wussten nicht alle was das <a href=\"https:\/\/de.wikipedia.org\/wiki\/Usenet\" target=\"_blank\" rel=\"noopener\">Usenet<\/a> ist. Das Video zu Sicherheit (irgendwie im Zusammenhang mit plan9\/factotum), was Robert gerne finden wollte, hat er nicht gefunden.<\/p>\n<p>In den Sommerferien gibt es dann mal wie letzten Sommer Grillen im Garten. Ist noch nicht klar wann.<\/p>\n<p>HTML kommt von <a href=\"https:\/\/en.wikipedia.org\/wiki\/Standard_Generalized_Markup_Language#History\" target=\"_blank\" rel=\"noopener\">SGML<\/a> und das kommt von <a href=\"https:\/\/en.wikipedia.org\/wiki\/IBM_Generalized_Markup_Language\" target=\"_blank\" rel=\"noopener\">GML<\/a>.<\/p>\n<p>N\u00e4chste Mal letzte Mal vor den Ferien.<\/p>\n<p>&nbsp;<\/p>\n<p>&nbsp;<\/p>\n","protected":false},"excerpt":{"rendered":"<p>Vorletzte Mal in diesem Schuljahr. Morten ist da. Zum Checken von Datentr\u00e4gern kann &#8222;man&#8220; ht2testw benutzen. Moritz ist da. Johannes auch. Jannik auch. Angelo auch. Wir reden kurz \u00fcber Haskell. Robert hat einen Bericht \u00fcber Eureqa und das Doppelpendel gesehen. Nach Deinstallation von LibreOffice geht auch die Installation von Impress. Irgendwie wussten nicht alle was [&hellip;]<\/p>\n","protected":false},"author":1,"featured_media":0,"comment_status":"open","ping_status":"open","sticky":false,"template":"","format":"standard","meta":{"footnotes":""},"categories":[34,16,3,7],"tags":[],"class_list":["post-2320","post","type-post","status-publish","format-standard","hentry","category-computer","category-plan-9","category-tagesberichte","category-termine"],"_links":{"self":[{"href":"https:\/\/wordpress.wvs-berlin.de\/index.php?rest_route=\/wp\/v2\/posts\/2320","targetHints":{"allow":["GET"]}}],"collection":[{"href":"https:\/\/wordpress.wvs-berlin.de\/index.php?rest_route=\/wp\/v2\/posts"}],"about":[{"href":"https:\/\/wordpress.wvs-berlin.de\/index.php?rest_route=\/wp\/v2\/types\/post"}],"author":[{"embeddable":true,"href":"https:\/\/wordpress.wvs-berlin.de\/index.php?rest_route=\/wp\/v2\/users\/1"}],"replies":[{"embeddable":true,"href":"https:\/\/wordpress.wvs-berlin.de\/index.php?rest_route=%2Fwp%2Fv2%2Fcomments&post=2320"}],"version-history":[{"count":10,"href":"https:\/\/wordpress.wvs-berlin.de\/index.php?rest_route=\/wp\/v2\/posts\/2320\/revisions"}],"predecessor-version":[{"id":2330,"href":"https:\/\/wordpress.wvs-berlin.de\/index.php?rest_route=\/wp\/v2\/posts\/2320\/revisions\/2330"}],"wp:attachment":[{"href":"https:\/\/wordpress.wvs-berlin.de\/index.php?rest_route=%2Fwp%2Fv2%2Fmedia&parent=2320"}],"wp:term":[{"taxonomy":"category","embeddable":true,"href":"https:\/\/wordpress.wvs-berlin.de\/index.php?rest_route=%2Fwp%2Fv2%2Fcategories&post=2320"},{"taxonomy":"post_tag","embeddable":true,"href":"https:\/\/wordpress.wvs-berlin.de\/index.php?rest_route=%2Fwp%2Fv2%2Ftags&post=2320"}],"curies":[{"name":"wp","href":"https:\/\/api.w.org\/{rel}","templated":true}]}}