{"id":2111,"date":"2016-09-19T16:00:11","date_gmt":"2016-09-19T14:00:11","guid":{"rendered":"http:\/\/wordpress.wvs-berlin.de\/?p=2111"},"modified":"2016-09-19T16:16:49","modified_gmt":"2016-09-19T14:16:49","slug":"19-9-2016","status":"publish","type":"post","link":"https:\/\/wordpress.wvs-berlin.de\/?p=2111","title":{"rendered":"19.9.2016"},"content":{"rendered":"<p>Morten, Willi, Long Yang und Angelo sind hier.<\/p>\n<p>Robert kommt mit seinem Ubuntustick nicht ins Netz. Angelo kommt darauf, dass ein Kernelmodul nicht vorhanden ist. Mit lspci haben wir geschaut, was f\u00fcr Ger\u00e4te vorhanden sind. Da wurde die Realtek-Karte aufgef\u00fchrt (ohne Modul). Wir haben geguckt ob in Unterverzeichnissen von \/lib\/modules irgendwelche Dateien mit r81 drin vorkommen (das Modul f\u00fcr die Realtek-Karte). Dass es r8168 oder r8169 ist hatte Angelo gegooglet. Angelo hatte die DID gegooglet (lcpci -n war dazu n\u00f6tig). Mit &#8222;du -a | grep r81&#8220; haben wir gesehen, dass das Modul nur bei \u00e4lteren Kernels vorhanden war. Deshalb Rechner einfach mit altem Kernel gestartet.<\/p>\n<p>Julian konnte heute nicht, deshalb kein &#8222;Go&#8220; diesmal.<\/p>\n<p>&#8222;ls&#8220; hei\u00dft \u00fcbrigens &#8222;list&#8220; wohl. Und nicht &#8222;list segments&#8220;.<\/p>\n<p>Wir haben den Tisch mit dem schiefen Fu\u00df ausgetauscht unter dem Overheadprojektor.<\/p>\n<p>&#8222;ls&#8220; steht \u00fcbrigens wohl f\u00fcr &#8222;list&#8220; (gem\u00e4\u00df <a href=\"https:\/\/en.wikipedia.org\/wiki\/Talk:Ls#History:_ls_stands_for_.22list_segments.22.3F\" target=\"_blank\">Wikipedia-Talk<\/a>) (<a href=\"http:\/\/www.brighthub.com\/computing\/linux\/articles\/14459.aspx\" target=\"_blank\">Amprimoz liegt wohl falsch<\/a> &#8230;).<\/p>\n","protected":false},"excerpt":{"rendered":"<p>Morten, Willi, Long Yang und Angelo sind hier. Robert kommt mit seinem Ubuntustick nicht ins Netz. Angelo kommt darauf, dass ein Kernelmodul nicht vorhanden ist. Mit lspci haben wir geschaut, was f\u00fcr Ger\u00e4te vorhanden sind. Da wurde die Realtek-Karte aufgef\u00fchrt (ohne Modul). Wir haben geguckt ob in Unterverzeichnissen von \/lib\/modules irgendwelche Dateien mit r81 drin [&hellip;]<\/p>\n","protected":false},"author":1,"featured_media":0,"comment_status":"open","ping_status":"open","sticky":false,"template":"","format":"standard","meta":{"footnotes":""},"categories":[1,17,3,7,8],"tags":[],"class_list":["post-2111","post","type-post","status-publish","format-standard","hentry","category-allgemein","category-schulnetzwerk","category-tagesberichte","category-termine","category-tisch"],"_links":{"self":[{"href":"https:\/\/wordpress.wvs-berlin.de\/index.php?rest_route=\/wp\/v2\/posts\/2111","targetHints":{"allow":["GET"]}}],"collection":[{"href":"https:\/\/wordpress.wvs-berlin.de\/index.php?rest_route=\/wp\/v2\/posts"}],"about":[{"href":"https:\/\/wordpress.wvs-berlin.de\/index.php?rest_route=\/wp\/v2\/types\/post"}],"author":[{"embeddable":true,"href":"https:\/\/wordpress.wvs-berlin.de\/index.php?rest_route=\/wp\/v2\/users\/1"}],"replies":[{"embeddable":true,"href":"https:\/\/wordpress.wvs-berlin.de\/index.php?rest_route=%2Fwp%2Fv2%2Fcomments&post=2111"}],"version-history":[{"count":6,"href":"https:\/\/wordpress.wvs-berlin.de\/index.php?rest_route=\/wp\/v2\/posts\/2111\/revisions"}],"predecessor-version":[{"id":2117,"href":"https:\/\/wordpress.wvs-berlin.de\/index.php?rest_route=\/wp\/v2\/posts\/2111\/revisions\/2117"}],"wp:attachment":[{"href":"https:\/\/wordpress.wvs-berlin.de\/index.php?rest_route=%2Fwp%2Fv2%2Fmedia&parent=2111"}],"wp:term":[{"taxonomy":"category","embeddable":true,"href":"https:\/\/wordpress.wvs-berlin.de\/index.php?rest_route=%2Fwp%2Fv2%2Fcategories&post=2111"},{"taxonomy":"post_tag","embeddable":true,"href":"https:\/\/wordpress.wvs-berlin.de\/index.php?rest_route=%2Fwp%2Fv2%2Ftags&post=2111"}],"curies":[{"name":"wp","href":"https:\/\/api.w.org\/{rel}","templated":true}]}}