{"id":1507,"date":"2014-09-10T14:54:02","date_gmt":"2014-09-10T12:54:02","guid":{"rendered":"http:\/\/wordpress.wvs-berlin.de\/?p=1507"},"modified":"2014-09-10T16:21:21","modified_gmt":"2014-09-10T14:21:21","slug":"10-9-2014","status":"publish","type":"post","link":"https:\/\/wordpress.wvs-berlin.de\/?p=1507","title":{"rendered":"10.9.2014"},"content":{"rendered":"<p>Heute ist Studientag. Aber der Lernserver ist wieder an ;-)! Morten ist da. Wir reden \u00fcber RAID und \u00fcber das Aussehen von Windows8. Am Freitag ist Schulfest. Morten, Moritz und Julian \u00fcberlegen, doch zu kommen, weil Johannes auch kommen will. Ich &#8211; Robert &#8211; kann nicht, wegen Geburtstag in der Familie und dann Teilnahme am Schulfest. Ich w\u00fcrde aber nat\u00fcrlich mal vorbeikommen.<\/p>\n<p>Julian schreibt an der Engine weiter. Moritz wollte einen HTTP-Server in C selber schreiben. Moritz und Julian wollen einen Netzwerkbildschirmschoner schreiben. Haben sie schon mal gemacht.<\/p>\n<p>Morten r\u00e4umt per Teamviewer sein HomePC auf.<\/p>\n<p>Julians Programmierversuche mit Grafikbibliothek klappt nach Neustart mit <a href=\"http:\/\/de.wikipedia.org\/wiki\/Simple_DirectMedia_Layer\" target=\"_blank\">SDL<\/a>.<\/p>\n<p>Wir reden kurz \u00fcber den inhaftierten Pirate-Bay-Mitgr\u00fcnder Peter Sunde, <a href=\"https:\/\/netzpolitik.org\/2014\/besuch-bei-the-pirate-bay-sprecher-peter-sunde-in-haft-gefaengnis-ist-ein-bisschen-wie-urheberrecht\/\" target=\"_blank\">der sagt<\/a>: \u201cEin Recht auf Datenportabilit\u00e4t w\u00e4re ein gro\u00dfer Forschritt\u201d, meint Peter, \u201caber das ist nicht genug. Portabilit\u00e4t ist witzlos ohne Wettbewerb. Wir Aktivist*innen und Unternehmer*innen m\u00fcssen die Monopole herausfordern. Wir m\u00fcssen ein soziales Piraten-Netzwerk bauen, das mit Facebook kompatibel ist. Oder Konkurrenz zu kleinen Monopolen aufbauen, bevor sie von den Branchenriesen aufgekauft werden. Politischer Aktivismus in Parlamenten, wie ihn die Piratenpartei anstrebt, ist wichtig \u2013 er muss aber mit wirtschaftlichen Paradigmenwechseln kombiniert werden.\u201d\u201cEin Recht auf Datenportabilit\u00e4t w\u00e4re ein gro\u00dfer Forschritt\u201d, meint Peter, \u201caber das ist nicht genug. Portabilit\u00e4t ist witzlos ohne Wettbewerb. Wir Aktivist*innen und Unternehmer*innen m\u00fcssen die Monopole herausfordern. Wir m\u00fcssen ein soziales Piraten-Netzwerk bauen, das mit Facebook kompatibel ist. Oder Konkurrenz zu kleinen Monopolen aufbauen, bevor sie von den Branchenriesen aufgekauft werden. Politischer Aktivismus in Parlamenten, wie ihn die Piratenpartei anstrebt, ist wichtig \u2013 er muss aber mit wirtschaftlichen Paradigmenwechseln kombiniert werden.\u201d<\/p>\n<p>Wir reden auch kurz \u00fcber Assange und den deutschen ehemaligen Vertreter von Wikileaks, <a href=\"http:\/\/de.wikipedia.org\/wiki\/Daniel_Domscheit-Berg\" target=\"_blank\">Daniel Domscheidt-Berg<\/a>.<\/p>\n<p>Morten findet, dass die Grafikanimation von Julian sch&#8230;, \u00e4h, nicht so gut aussieht ;-). Robert hat seine vielen Browserfenster weiter in <a href=\"https:\/\/support.mozilla.org\/en-US\/kb\/tab-groups-organize-tabs\" target=\"_blank\">Tabs gruppiert<\/a>. Julian kriegt Segmentationfault (Null-Pointer-Execption).<\/p>\n<p>Freitag findet also statt, wenn auch Robert erst sp\u00e4ter mal dazu kommt.<\/p>\n<p>&nbsp;<\/p>\n<p>&nbsp;<\/p>\n<p>&nbsp;<\/p>\n","protected":false},"excerpt":{"rendered":"<p>Heute ist Studientag. Aber der Lernserver ist wieder an ;-)! Morten ist da. Wir reden \u00fcber RAID und \u00fcber das Aussehen von Windows8. Am Freitag ist Schulfest. Morten, Moritz und Julian \u00fcberlegen, doch zu kommen, weil Johannes auch kommen will. Ich &#8211; Robert &#8211; kann nicht, wegen Geburtstag in der Familie und dann Teilnahme am [&hellip;]<\/p>\n","protected":false},"author":1,"featured_media":0,"comment_status":"open","ping_status":"open","sticky":false,"template":"","format":"standard","meta":{"footnotes":""},"categories":[1,17,31,3,7],"tags":[],"class_list":["post-1507","post","type-post","status-publish","format-standard","hentry","category-allgemein","category-schulnetzwerk","category-sdl","category-tagesberichte","category-termine"],"_links":{"self":[{"href":"https:\/\/wordpress.wvs-berlin.de\/index.php?rest_route=\/wp\/v2\/posts\/1507","targetHints":{"allow":["GET"]}}],"collection":[{"href":"https:\/\/wordpress.wvs-berlin.de\/index.php?rest_route=\/wp\/v2\/posts"}],"about":[{"href":"https:\/\/wordpress.wvs-berlin.de\/index.php?rest_route=\/wp\/v2\/types\/post"}],"author":[{"embeddable":true,"href":"https:\/\/wordpress.wvs-berlin.de\/index.php?rest_route=\/wp\/v2\/users\/1"}],"replies":[{"embeddable":true,"href":"https:\/\/wordpress.wvs-berlin.de\/index.php?rest_route=%2Fwp%2Fv2%2Fcomments&post=1507"}],"version-history":[{"count":11,"href":"https:\/\/wordpress.wvs-berlin.de\/index.php?rest_route=\/wp\/v2\/posts\/1507\/revisions"}],"predecessor-version":[{"id":1518,"href":"https:\/\/wordpress.wvs-berlin.de\/index.php?rest_route=\/wp\/v2\/posts\/1507\/revisions\/1518"}],"wp:attachment":[{"href":"https:\/\/wordpress.wvs-berlin.de\/index.php?rest_route=%2Fwp%2Fv2%2Fmedia&parent=1507"}],"wp:term":[{"taxonomy":"category","embeddable":true,"href":"https:\/\/wordpress.wvs-berlin.de\/index.php?rest_route=%2Fwp%2Fv2%2Fcategories&post=1507"},{"taxonomy":"post_tag","embeddable":true,"href":"https:\/\/wordpress.wvs-berlin.de\/index.php?rest_route=%2Fwp%2Fv2%2Ftags&post=1507"}],"curies":[{"name":"wp","href":"https:\/\/api.w.org\/{rel}","templated":true}]}}