{"id":1128,"date":"2013-09-13T16:25:40","date_gmt":"2013-09-13T14:25:40","guid":{"rendered":"http:\/\/wordpress.wvs-berlin.de\/?p=1128"},"modified":"2013-09-13T16:46:23","modified_gmt":"2013-09-13T14:46:23","slug":"13-9-2013","status":"publish","type":"post","link":"https:\/\/wordpress.wvs-berlin.de\/?p=1128","title":{"rendered":"13.9.2013"},"content":{"rendered":"<p>Letzte mal ist wegen Studientag ausgefallen. Heute sind Martin, Morten, Julian und Moritz da. Martin erkl\u00e4rt die LAN-Problematik in den R\u00e4umen Physik, Chemie, Biologie. Die WLAN-Angelegenheiten hat er gut im Griff. In der Biologie funktioniert offenbar das milchgr\u00fcnde Zuleitungskabel nicht. Herr Dr. Rehnert kommt dazu. Die Anlagen in der Biologie sind neu seit Herbst letzten Jahres. Seitdem funktioniert dort die Anbindung an den Schulserver nicht. Wir \u00f6ffnen die Decke im 115er (? Biologie) und sehen, dass das milchgr\u00fcne Kabel in den Nachbarraum l\u00e4uft. Mit Dr. Rehnert testen wir die Steckung\/Verteilung im Serverraum, indem wir von 115 auf 204 (Kunstraum) umstecken. Das Lan im Kunstraum funktioniert danach immer noch. Im Serverraum k\u00f6nnen wir aber nicht wirklich testen, ob die milchgr\u00fcnen Zuleitungskabel korrekt im Patchpanel gesteckt sind. Herr Dr. Rehnert meinte, dass die Biologier\u00e4ume (beiderseits des Ganges im 1. Stock) vor den Umbauten mit dem Schulserver funktionst\u00fcchtig verbunden waren. Das l\u00e4sst nach unseren Versuchen die Frage offen, ob nicht bei der Montage (Anbindung an die Verteiler in den beiden Biologier\u00e4umen) ein Fehler passiert sein k\u00f6nnte, denn die Anbindung an den Schulserver wurde dabei _nicht_ getestet! Wir gehen davon aus, dass das milchgr\u00fcne Kabel ohne Unterbrechnung von den jeweiligen R\u00e4umen (u.a. vom fraglichen 115er) direkt durch die Decke in einen Kabelschacht im angrenzenden Raum f\u00fchren und von dort in den 2. Stock und dort durch die Decke bis hin zu Serverraum. Dort kommt ein milchgr\u00fcnes Kabelb\u00fcndel hinten rechts oben aus der Decke, wo auch das Kabel aus dem 115er dabei sein sollte. Wir sind dann zu dem Schluss gekommen, dass m\u00f6glichst die Firma, die das eingerichtet hat, sich der Sache annnehmen sollte und vielleicht dabei auch eine Dokumentation erarbeitet.<\/p>\n<p>Am Ende stellt Herr Dr. Rehnert noch fest, dass der 115er unter Umst\u00e4nden an mehreren Stromkreisen h\u00e4ngt, so dass eine Anbindung \u00fcber PowerLineAdapter m\u00f6glich sein k\u00f6nnte &#8230;;<\/p>\n","protected":false},"excerpt":{"rendered":"<p>Letzte mal ist wegen Studientag ausgefallen. Heute sind Martin, Morten, Julian und Moritz da. Martin erkl\u00e4rt die LAN-Problematik in den R\u00e4umen Physik, Chemie, Biologie. Die WLAN-Angelegenheiten hat er gut im Griff. In der Biologie funktioniert offenbar das milchgr\u00fcnde Zuleitungskabel nicht. Herr Dr. Rehnert kommt dazu. Die Anlagen in der Biologie sind neu seit Herbst letzten [&hellip;]<\/p>\n","protected":false},"author":1,"featured_media":0,"comment_status":"open","ping_status":"open","sticky":false,"template":"","format":"standard","meta":{"footnotes":""},"categories":[1,17,3],"tags":[],"class_list":["post-1128","post","type-post","status-publish","format-standard","hentry","category-allgemein","category-schulnetzwerk","category-tagesberichte"],"_links":{"self":[{"href":"https:\/\/wordpress.wvs-berlin.de\/index.php?rest_route=\/wp\/v2\/posts\/1128","targetHints":{"allow":["GET"]}}],"collection":[{"href":"https:\/\/wordpress.wvs-berlin.de\/index.php?rest_route=\/wp\/v2\/posts"}],"about":[{"href":"https:\/\/wordpress.wvs-berlin.de\/index.php?rest_route=\/wp\/v2\/types\/post"}],"author":[{"embeddable":true,"href":"https:\/\/wordpress.wvs-berlin.de\/index.php?rest_route=\/wp\/v2\/users\/1"}],"replies":[{"embeddable":true,"href":"https:\/\/wordpress.wvs-berlin.de\/index.php?rest_route=%2Fwp%2Fv2%2Fcomments&post=1128"}],"version-history":[{"count":6,"href":"https:\/\/wordpress.wvs-berlin.de\/index.php?rest_route=\/wp\/v2\/posts\/1128\/revisions"}],"predecessor-version":[{"id":1131,"href":"https:\/\/wordpress.wvs-berlin.de\/index.php?rest_route=\/wp\/v2\/posts\/1128\/revisions\/1131"}],"wp:attachment":[{"href":"https:\/\/wordpress.wvs-berlin.de\/index.php?rest_route=%2Fwp%2Fv2%2Fmedia&parent=1128"}],"wp:term":[{"taxonomy":"category","embeddable":true,"href":"https:\/\/wordpress.wvs-berlin.de\/index.php?rest_route=%2Fwp%2Fv2%2Fcategories&post=1128"},{"taxonomy":"post_tag","embeddable":true,"href":"https:\/\/wordpress.wvs-berlin.de\/index.php?rest_route=%2Fwp%2Fv2%2Ftags&post=1128"}],"curies":[{"name":"wp","href":"https:\/\/api.w.org\/{rel}","templated":true}]}}